[{"@context":"https:\/\/schema.org\/","@type":"Article","@id":"https:\/\/www.rapublic.cz\/mini-cooper-aneb-laska-na-prvni-jizdu\/#Article","mainEntityOfPage":"https:\/\/www.rapublic.cz\/mini-cooper-aneb-laska-na-prvni-jizdu\/","headline":"Mini Cooper aneb l\u00e1ska na prvn\u00ed j\u00edzdu","name":"Mini Cooper aneb l\u00e1ska na prvn\u00ed j\u00edzdu","description":"I \u017eeny \u0159idi\u010dky si r\u00e1dy vyb\u00edraj\u00ed sv\u00e9ho dokonal\u00e9ho par\u0165\u00e1ka na cesty, do pr\u00e1ce, na n\u00e1kupy, \u010di jen na v\u00fdlet do p\u0159\u00edrody. \u017deny cht\u011bj\u00ed bezpe\u010dn\u00fd v\u016fz, kter\u00fd samoz\u0159ejm\u011b z\u00e1rove\u0148 je i pro n\u011b designov\u011b interesantn\u00ed. A pr\u00e1v\u011b takov\u00fdm ide\u00e1ln\u00edm automobilov\u00fdm spole\u010dn\u00edkem je Mini Cooper! \u00a0Pohled do historie and p\u00e1r v\u011bt o Mini \u00a0 Prvn\u00ed my\u0161lenka na","datePublished":"2025-03-03","dateModified":"2023-05-03","author":{"@type":"Person","@id":"https:\/\/www.rapublic.cz\/author\/#Person","name":"","url":"https:\/\/www.rapublic.cz\/author\/","identifier":1,"image":{"@type":"ImageObject","@id":"https:\/\/secure.gravatar.com\/avatar\/390ba47df5874845ef3762ac16ecd0a67f4e30c13cbb7c7ee444ade303aa885b?s=96&d=mm&r=g","url":"https:\/\/secure.gravatar.com\/avatar\/390ba47df5874845ef3762ac16ecd0a67f4e30c13cbb7c7ee444ade303aa885b?s=96&d=mm&r=g","height":96,"width":96}},"publisher":{"@type":"Organization","name":"rapublic.cz","logo":{"@type":"ImageObject","@id":"\/logo.png","url":"\/logo.png","width":600,"height":60}},"image":{"@type":"ImageObject","@id":"https:\/\/www.rapublic.cz\/wp-content\/uploads\/img_a294708_w1988_t1506520354.jpg","url":"https:\/\/www.rapublic.cz\/wp-content\/uploads\/img_a294708_w1988_t1506520354.jpg","height":0,"width":0},"url":"https:\/\/www.rapublic.cz\/mini-cooper-aneb-laska-na-prvni-jizdu\/","wordCount":522,"articleBody":"I \u017eeny \u0159idi\u010dky si r\u00e1dy vyb\u00edraj\u00ed sv\u00e9ho dokonal\u00e9ho par\u0165\u00e1ka na cesty, do pr\u00e1ce, na n\u00e1kupy, \u010di jen na v\u00fdlet do p\u0159\u00edrody. \u017deny cht\u011bj\u00ed bezpe\u010dn\u00fd v\u016fz, kter\u00fd samoz\u0159ejm\u011b z\u00e1rove\u0148 je i pro n\u011b designov\u011b interesantn\u00ed. A pr\u00e1v\u011b takov\u00fdm ide\u00e1ln\u00edm automobilov\u00fdm spole\u010dn\u00edkem je Mini Cooper!\u00a0Pohled do historie and p\u00e1r v\u011bt o Mini\u00a0Prvn\u00ed my\u0161lenka na mal\u00e9 auto vznikla v\u00a0roce 1986 v\u00a0britsk\u00e9 spole\u010dnosti BMC. Po\u017eadavek na v\u00fdrobu mal\u00e9ho auta byl zad\u00e1n Ing. A. Issigoniosovi. P\u016fvodn\u00ed projekt vznikl t\u00edm, \u017ee Ing. A. Issigonis posadil na zem \u010dty\u0159i nejtlust\u0161\u00ed mu\u017ee, maj\u00edc\u00ed nejv\u011bt\u0161\u00ed b\u0159icha, obkreslil je k\u0159\u00eddou. T\u00edmto byla ud\u00e1na velikost na v\u00fdrobu auta. Do roka pot\u00e9 bylo vyr\u00e1b\u011bno sto model\u016f t\u00fddn\u011b! Nicm\u00e9n\u011b o rok pozd\u011bji je zad\u00e1n nov\u00fd po\u017eadavek a dal\u0161\u00ed zkr\u00e1cen\u00ed. Ing. A. Issigonis si porad\u00ed a oto\u010d\u00ed motory p\u0159\u00ed\u010dn\u011b oproti kol\u016fm. Kouzlu vozu podlehl i samotn\u00fd velik\u00e1n John Lennon, jen\u017e zakoupit tento automobil pro svou man\u017eelku Cynthii. Ji\u017e po \u010dty\u0159iceti letech p\u016fsobnosti na trhu byl uzn\u00e1n automobilem stolet\u00ed!\u00a0Mini Cooper a jeho p\u0159ednosti\u00a0S\u00edla a moc spo\u010d\u00edv\u00e1 nejen v\u00a0ovl\u00e1dac\u00edch prvc\u00edch, v\u010detn\u011b centr\u00e1ln\u00edho ovlada\u010de navigace a syst\u00e9m\u016f, kter\u00e9 jsou um\u00edst\u011bn\u00e9 na palubn\u00ed desce, t\u00edmto je tak zaru\u010deno intuitivn\u00ed a velmi snadn\u00e9 ovl\u00e1d\u00e1n\u00ed. Mini Cooper se py\u0161n\u00ed velmi dobrou ovladatelnost\u00ed pomoc\u00ed joysticku, \u010d\u00edm\u017e se tak st\u00e1v\u00e1 u \u017een v\u00edce obl\u00edben\u00fdm a \u017e\u00e1dan\u00fdm vozidlem. Rovn\u011b\u017e efektivn\u00ed je barevnost podsv\u00edcen\u00ed interi\u00e9ru. Mini Cooper disponuje prostornost\u00ed a komfortem. Rovn\u011b\u017e i zavazadlov\u00fd prostor je prostorn\u00fd, standard m\u016f\u017ee nab\u00eddnout a\u017e 350 litr\u016f. Mini Cooper je dynamick\u00fdm vozem do m\u011bsta i mimo n\u011bj.\u00a0Vylep\u0161en\u00fd \u201eMin\u00edk\u201c jak b\u00fdv\u00e1 Mini Cooper naz\u00fdv\u00e1n, je zaj\u00edmav\u00fdm sportovn\u00edm automobilem. V\u0161e je adekv\u00e1tn\u011b rozvr\u017eeno v\u00a0r\u00e1mci ped\u00e1l\u016f, volantu, dokonal\u00e1 p\u0159evodovka. V\u00fdhodou je zajist\u00e9 i ni\u017e\u0161\u00ed spot\u0159eba, za co\u017e se zaslou\u017eila nov\u00e1 \u0161estustup\u0148ov\u00e1 p\u0159evodovka.\u00a0Siln\u00e9 a slab\u00e9 str\u00e1nky automobilu\u00a0Jednozna\u010dn\u011b mezi siln\u00e9 str\u00e1nky n\u00e1le\u017e\u00ed dokonal\u00e1 a unik\u00e1tn\u00ed ovladatelnost vozu a t\u00e9\u017e design neboli vzhled. D\u00e1le mezi siln\u00e9 str\u00e1nky n\u00e1le\u017e\u00ed siln\u00e1 karoserie, vybavenost airbagy pro \u0159idi\u010de i spolujezdce. Bezpe\u010dn\u00fd automobil pro \u017eeny \u0159idi\u010dky. D\u00e1le se m\u016f\u017ee Mini Cooper pochlubit dokonalost\u00ed v\u00a0r\u00e1mci \u0159\u00edzen\u00ed a siln\u00e9 zp\u011btn\u00e9 vazby. D\u00edky tomu se tak j\u00edzda st\u00e1v\u00e1 pohodlnou a klidnou.\u00a0Mezi slab\u00e9 str\u00e1nky n\u00e1le\u017e\u00ed zejm\u00e9na n\u00ed\u017ee polo\u017een\u00e1 poloha pro \u0159idi\u010de, \u010d\u00edm\u017e pr\u00e1v\u011b navozuje pocit v\u00edce sportovn\u00edho automobilu. Sedadla jsou tvrd\u0161\u00ed a h\u016f\u0159e tvarovan\u00e1. \u010casto je vozidlu vyt\u00fdk\u00e1n mal\u00fd prostor, ale to je sp\u00ed\u0161e indiviud\u00e1ln\u00ed z\u00e1le\u017eitost\u00ed. V\u0161ak se jedn\u00e1 o mini vozidlo!                                                                                                                                                                                                                                                                                                                                                                                        3.9\/5 - (12 votes)        "},{"@context":"https:\/\/schema.org\/","@type":"BreadcrumbList","itemListElement":[{"@type":"ListItem","position":1,"name":"Mini Cooper aneb l\u00e1ska na prvn\u00ed j\u00edzdu","item":"https:\/\/www.rapublic.cz\/mini-cooper-aneb-laska-na-prvni-jizdu\/#breadcrumbitem"}]}]