[{"@context":"https:\/\/schema.org\/","@type":"Article","@id":"https:\/\/www.rapublic.cz\/pod-strechou-je-krasne\/#Article","mainEntityOfPage":"https:\/\/www.rapublic.cz\/pod-strechou-je-krasne\/","headline":"Pod st\u0159echou je kr\u00e1sn\u011b","name":"Pod st\u0159echou je kr\u00e1sn\u011b","description":"Ka\u017ed\u00fd zp\u016fsob bydlen\u00ed m\u00e1 sv\u00e1 pro a proti, n\u011bkdo pot\u0159ebuje d\u016fm se zahradou, n\u011bkdo ruch velkom\u011bsta a jin\u00fd zase poklidn\u00fd venkovsk\u00fd zp\u016fsob \u017eivota. A jin\u00fd zase preferuje romantiku bydlen\u00ed p\u0159\u00edmo pod st\u0159echou, i kdy\u017e nev\u00fdhodou m\u016f\u017ee b\u00fdt n\u011bkolik pater bez v\u00fdtahu, proto\u017ee podkrovn\u00ed prostory se nach\u00e1z\u00ed hlavn\u011b ve star\u00fdch z\u00e1stavb\u00e1ch. A\u0165 na to m\u00e1te jak\u00fdkoliv","datePublished":"2025-03-02","dateModified":"2023-05-03","author":{"@type":"Person","@id":"https:\/\/www.rapublic.cz\/author\/#Person","name":"","url":"https:\/\/www.rapublic.cz\/author\/","identifier":1,"image":{"@type":"ImageObject","@id":"https:\/\/secure.gravatar.com\/avatar\/390ba47df5874845ef3762ac16ecd0a67f4e30c13cbb7c7ee444ade303aa885b?s=96&d=mm&r=g","url":"https:\/\/secure.gravatar.com\/avatar\/390ba47df5874845ef3762ac16ecd0a67f4e30c13cbb7c7ee444ade303aa885b?s=96&d=mm&r=g","height":96,"width":96}},"publisher":{"@type":"Organization","name":"rapublic.cz","logo":{"@type":"ImageObject","@id":"\/logo.png","url":"\/logo.png","width":600,"height":60}},"image":{"@type":"ImageObject","@id":"https:\/\/www.rapublic.cz\/wp-content\/uploads\/img_a329562_w2642_t1541953683.jpg","url":"https:\/\/www.rapublic.cz\/wp-content\/uploads\/img_a329562_w2642_t1541953683.jpg","height":0,"width":0},"url":"https:\/\/www.rapublic.cz\/pod-strechou-je-krasne\/","about":["Bydlen\u00ed"],"wordCount":437,"articleBody":"Ka\u017ed\u00fd zp\u016fsob bydlen\u00ed m\u00e1 sv\u00e1 pro a proti, n\u011bkdo pot\u0159ebuje d\u016fm se zahradou, n\u011bkdo ruch velkom\u011bsta a jin\u00fd zase poklidn\u00fd venkovsk\u00fd zp\u016fsob \u017eivota. A jin\u00fd zase preferuje romantiku bydlen\u00ed p\u0159\u00edmo pod st\u0159echou, i kdy\u017e nev\u00fdhodou m\u016f\u017ee b\u00fdt n\u011bkolik pater bez v\u00fdtahu, proto\u017ee podkrovn\u00ed prostory se nach\u00e1z\u00ed hlavn\u011b ve star\u00fdch z\u00e1stavb\u00e1ch. A\u0165 na to m\u00e1te jak\u00fdkoliv n\u00e1zor, v ka\u017ed\u00e9m p\u0159\u00edpad\u011b se jedn\u00e1 o bydlen\u00ed origin\u00e1ln\u00ed, modern\u00ed a komfortn\u00ed.  To, pro\u010d je bydlen\u00ed v podkrov\u00ed tolik vyhled\u00e1van\u00e9, m\u016f\u017ee b\u00fdt pr\u00e1v\u011b jeho atypi\u010dnost\u00ed, nepravidelnost\u00ed st\u011bn, p\u0159\u00edtomnost\u00ed tr\u00e1m\u016f, zde se opravdu ka\u017ed\u00fd a\u0165 u\u017e p\u0159i rekonstrukci nebo jen drobn\u00fdch \u00faprav\u00e1ch m\u016f\u017ee po\u0159\u00e1dn\u011b vy\u0159\u00e1dit. Co se t\u00fdk\u00e1 materi\u00e1l\u016f, zde se vyplat\u00ed p\u0159iplatit si na kvalit\u011b. Ur\u010dit\u011b se tak\u00e9 dr\u017ete toho, aby zde bylo dostatek sv\u011btla, v \u017e\u00e1dn\u00e9m p\u0159\u00edpad\u011b se nevzd\u00e1vejte mo\u017enosti dostatku prosklen\u00fdch \u010d\u00e1st\u00ed. Pokud jste se pro tento typ bydlen\u00ed pevn\u011b rozhodli, pak jste jist\u011b zv\u00e1\u017eili v\u0161echny v\u00fdhody i nev\u00fdhody.  Pro\u010d ano a pro\u010d ne To, pro\u010d jsou p\u016fdn\u00ed vestavby tak vyhled\u00e1v\u00e1ny, je neopakovateln\u00fd v\u00fdhled, nav\u00edc noc tr\u00e1v\u00edte tak\u0159ka p\u0159\u00edmo pod hv\u011bzdami. Co se t\u00fdk\u00e1 zateplen\u00ed, v nev\u00fdhod\u011b m\u016f\u017eete b\u00fdt v letn\u00edch m\u011bs\u00edc\u00edch, kdy p\u0159\u00edmo pod st\u0159echou se udr\u017euj\u00ed nejvy\u0161\u0161\u00ed teploty, naopak v zim\u011b d\u00edky \u0161\u00ed\u0159en\u00ed tepla sm\u011brem nahoru nevyd\u00e1te tolik za topen\u00ed. Stejn\u011b je tomu se sv\u011btlem, d\u00edky v\u011bt\u0161\u00edm prosklen\u00fdm \u010d\u00e1stem nemus\u00edte zbyte\u010dn\u011b sv\u00edtit i p\u0159es den.  Krom\u011b parn\u00fdch letn\u00edch dn\u016f se ka\u017ed\u00e9mu nemus\u00ed l\u00edbit okam\u017eiky, kdy pr\u0161\u00ed. To souvis\u00ed i s probl\u00e9my izola\u010dn\u00edho charakteru, kdy d\u00edky zat\u00e9k\u00e1n\u00ed mohou vzniknout probl\u00e9my s pl\u00edsn\u00ed. Proto na izolaci v \u017e\u00e1dn\u00e9m p\u0159\u00edpad\u011b ne\u0161et\u0159ete. Tak\u00e9 nepo\u010d\u00edtejte s t\u00edm, \u017ee b\u011b\u017en\u011b dostupn\u00fd n\u00e1bytek um\u00edst\u00edte do m\u00edst, kde je st\u0159echa nebo se nach\u00e1z\u00ed tr\u00e1my. Mo\u017en\u00e1 by v takov\u00e9m p\u0159\u00edpad\u011b nebyla od v\u011bci dobr\u00e1 rada nebo pomoc architekta.  Myslete tak\u00e9 na to, \u017ee denn\u011b sch\u00e1zet a vych\u00e1zet v\u011bt\u0161\u00ed mno\u017estv\u00ed schod\u016f m\u016f\u017ee b\u00fdt pro n\u011bkoho obt\u00ed\u017en\u00e9, a to obzvl\u00e1\u0161t\u011b v pokro\u010dil\u00e9m v\u011bku.                                                                                                                                                                                                                                                                                                                                                                                            3.6\/5 - (11 votes)        "},{"@context":"https:\/\/schema.org\/","@type":"BreadcrumbList","itemListElement":[{"@type":"ListItem","position":1,"name":"Pod st\u0159echou je kr\u00e1sn\u011b","item":"https:\/\/www.rapublic.cz\/pod-strechou-je-krasne\/#breadcrumbitem"}]}]