[{"@context":"https:\/\/schema.org\/","@type":"Article","@id":"https:\/\/www.rapublic.cz\/prozijte-vanoce-a-silvestra-v-ceskych-budejovicich\/#Article","mainEntityOfPage":"https:\/\/www.rapublic.cz\/prozijte-vanoce-a-silvestra-v-ceskych-budejovicich\/","headline":"Pro\u017eijte V\u00e1noce a Silvestra v \u010cesk\u00fdch Bud\u011bjovic\u00edch","name":"Pro\u017eijte V\u00e1noce a Silvestra v \u010cesk\u00fdch Bud\u011bjovic\u00edch","description":"N\u011bkte\u0159\u00ed lid\u00e9 se ke konci roku odeb\u00edraj\u00ed do hor, aby tu pro\u017eili sv\u00e1te\u010dn\u00ed dny v odli\u0161n\u00e9 atmosf\u00e9\u0159e, ov\u0161em ne v\u017edy to p\u0159in\u00e1\u0161\u00ed k\u00fd\u017een\u00e9 uspokojen\u00ed. Kup\u0159\u00edkladu tehdy, nen\u00ed-li na hor\u00e1ch \u017e\u00e1dn\u00fd sn\u00edh, maxim\u00e1ln\u011b ten technick\u00fd na vybran\u00fdch zasn\u011b\u017een\u00fdch sjezdovk\u00e1ch, co\u017e postr\u00e1d\u00e1 onu sv\u00e1te\u010dn\u00ed atmosf\u00e9ru. Co\u017e takhle zkusit protentokr\u00e1t vynechat horsk\u00e9 svahy a zam\u00ed\u0159it n\u011bkam jinam do","datePublished":"2022-11-13","dateModified":"2022-11-13","author":{"@type":"Person","@id":"https:\/\/www.rapublic.cz\/author\/#Person","name":"","url":"https:\/\/www.rapublic.cz\/author\/","identifier":1,"image":{"@type":"ImageObject","@id":"https:\/\/secure.gravatar.com\/avatar\/390ba47df5874845ef3762ac16ecd0a67f4e30c13cbb7c7ee444ade303aa885b?s=96&d=mm&r=g","url":"https:\/\/secure.gravatar.com\/avatar\/390ba47df5874845ef3762ac16ecd0a67f4e30c13cbb7c7ee444ade303aa885b?s=96&d=mm&r=g","height":96,"width":96}},"publisher":{"@type":"Organization","name":"rapublic.cz","logo":{"@type":"ImageObject","@id":"\/logo.png","url":"\/logo.png","width":600,"height":60}},"image":{"@type":"ImageObject","@id":"https:\/\/www.rapublic.cz\/wp-content\/uploads\/christmas-market-gf53a58554_640.jpg","url":"https:\/\/www.rapublic.cz\/wp-content\/uploads\/christmas-market-gf53a58554_640.jpg","height":0,"width":0},"url":"https:\/\/www.rapublic.cz\/prozijte-vanoce-a-silvestra-v-ceskych-budejovicich\/","about":["Online"],"wordCount":438,"articleBody":"        N\u011bkte\u0159\u00ed lid\u00e9 se ke konci roku odeb\u00edraj\u00ed do hor, aby tu pro\u017eili sv\u00e1te\u010dn\u00ed dny v odli\u0161n\u00e9 atmosf\u00e9\u0159e, ov\u0161em ne v\u017edy to p\u0159in\u00e1\u0161\u00ed k\u00fd\u017een\u00e9 uspokojen\u00ed. Kup\u0159\u00edkladu tehdy, nen\u00ed-li na hor\u00e1ch \u017e\u00e1dn\u00fd sn\u00edh, maxim\u00e1ln\u011b ten technick\u00fd na vybran\u00fdch zasn\u011b\u017een\u00fdch sjezdovk\u00e1ch, co\u017e postr\u00e1d\u00e1 onu sv\u00e1te\u010dn\u00ed atmosf\u00e9ru.Co\u017e takhle zkusit protentokr\u00e1t vynechat horsk\u00e9 svahy a zam\u00ed\u0159it n\u011bkam jinam do vnitrozem\u00ed. Nab\u00edz\u00edme v\u00e1m p\u00e1r tip\u016f pro tr\u00e1ven\u00ed voln\u00e9ho \u010dasu (nejen) ke konci roku v \u010cesk\u00fdch Bud\u011bjovic\u00edch a v bl\u00edzk\u00e9m okol\u00ed. Kam se tu m\u016f\u017eete vypravit a kter\u00e1 m\u00edsta by v\u00e1s mohla oslovit?M\u011bstsk\u00e9 centrum \u2013 zajist\u00edte-li si ubytov\u00e1n\u00ed v \u010cesk\u00fdch Bud\u011bjovic\u00edch a okol\u00ed nap\u0159\u00edklad na okraji m\u011bsta nedaleko parku Stromovka, bude to velmi poklidn\u00e9 m\u00edsto a z\u00e1rove\u0148 to nebudete m\u00edt daleko do centra. V pr\u016fb\u011bhu Adventu jsou tu v \u010dinnosti na n\u00e1m\u011bst\u00ed P\u0159emysla Otakara II. v\u00e1no\u010dn\u00ed trhy, je tu rozsv\u00edcen\u00fd v\u00e1no\u010dn\u00ed strom a m\u016f\u017eete tu obdivovat m\u011b\u0161\u0165ansk\u00e9 domy v historick\u00e9m j\u00e1dru m\u011bsta, spolu se soutokem Vltavy a Mal\u0161e na Sokolsk\u00e9m ostrov\u011b. Pochopiteln\u011b lze kdykoli v provozn\u00ed dob\u011b zav\u00edtat do n\u011bkter\u00e9 z kav\u00e1ren, restaurac\u00ed, \u010dajoven \u010di cukr\u00e1ren.Lanovka na Kle\u0165 \u2013 i ke konci roku je mo\u017en\u00e9 zav\u00edtat na Kle\u0165 a vydat se na vrchol lanovkou z Kr\u00e1set\u00edna. Lanovka je v zimn\u00edch m\u011bs\u00edc\u00edch v provozu obvykle o v\u00edkendech mezi 9. a 16. hodinou. Naho\u0159e na Kleti je otev\u0159ena rozhledna, a to po cel\u00fd rok. A pokud m\u00e1te z\u00e1jem nav\u0161t\u00edvit restauraci, ta se otev\u00edr\u00e1 tak\u00e9 denn\u011b, ale otev\u00edrac\u00ed doba b\u00fdv\u00e1 upravov\u00e1na a zve\u0159ej\u0148ov\u00e1na na Facebooku. Kup\u0159\u00edkladu den p\u0159ed \u0160t\u011bdr\u00fdm dnem v roce 2022 je zde otev\u0159eno i na no\u010dn\u00ed v\u00fdstup mezi dvaadvac\u00e1tou a jednou hodinou rann\u00ed.\u00dadol\u00ed Vltavy \u2013 v zim\u011b splouvat Vltavu je sice nebezpe\u010dn\u00e9 a n\u00e1ro\u010dn\u00e9, ale doporu\u010dit v\u00e1m m\u016f\u017eeme alespo\u0148 j\u00edzdu autem, p\u0159\u00edpadn\u011b za tepl\u00e9ho po\u010das\u00ed na kole pod\u00e9l \u0159eky z Lou\u010dovic do Vy\u0161\u0161\u00edho Brodu p\u0159es Ro\u017emberk nad Vltavou do \u010cesk\u00e9ho Krumlova, Zlat\u00e9 Koruny, T\u0159\u00edsova, Holubova, K\u0159em\u017ee, Homole a do \u010cesk\u00fdch Bud\u011bjovic. I v zim\u011b je tu na co se d\u00edvat!                                                                                                                                                                                                                                                                                                                                                                                          3.7\/5 - (4 votes)        "},{"@context":"https:\/\/schema.org\/","@type":"BreadcrumbList","itemListElement":[{"@type":"ListItem","position":1,"name":"Pro\u017eijte V\u00e1noce a Silvestra v \u010cesk\u00fdch Bud\u011bjovic\u00edch","item":"https:\/\/www.rapublic.cz\/prozijte-vanoce-a-silvestra-v-ceskych-budejovicich\/#breadcrumbitem"}]}]