[{"@context":"https:\/\/schema.org\/","@type":"Article","@id":"https:\/\/www.rapublic.cz\/zavitat-na-to-prave-misto\/#Article","mainEntityOfPage":"https:\/\/www.rapublic.cz\/zavitat-na-to-prave-misto\/","headline":"Zav\u00edtat na to prav\u00e9 m\u00edsto","name":"Zav\u00edtat na to prav\u00e9 m\u00edsto","description":"S\u00a0man\u017eelem jste si ke kulat\u00e9mu v\u00fdro\u010d\u00ed va\u0161\u00ed svatby dop\u0159\u00e1li luxusn\u00ed wellness pobyt se v\u0161\u00edm v\u0161udy na ji\u017en\u00ed Morav\u011b. U\u017e se nem\u016f\u017eete do\u010dkat, a\u017e tam vyraz\u00edte. A volba onoho m\u00edsta byla u\u017e dop\u0159edu naprosto jasn\u00e1, nebo\u0165 pr\u00e1v\u011b na ji\u017en\u00ed Morav\u011b jste se kdysi sezn\u00e1mili. Tak\u017ee kam jinam vyrazit za v\u00fdro\u010d\u00edm va\u0161eho s\u0148atku ne\u017e pr\u00e1v\u011b tam? Zvl\u00e1\u0161t\u011b,","datePublished":"2024-11-02","dateModified":"2024-11-02","author":{"@type":"Person","@id":"https:\/\/www.rapublic.cz\/author\/#Person","name":"","url":"https:\/\/www.rapublic.cz\/author\/","identifier":1,"image":{"@type":"ImageObject","@id":"https:\/\/secure.gravatar.com\/avatar\/390ba47df5874845ef3762ac16ecd0a67f4e30c13cbb7c7ee444ade303aa885b?s=96&d=mm&r=g","url":"https:\/\/secure.gravatar.com\/avatar\/390ba47df5874845ef3762ac16ecd0a67f4e30c13cbb7c7ee444ade303aa885b?s=96&d=mm&r=g","height":96,"width":96}},"publisher":{"@type":"Organization","name":"rapublic.cz","logo":{"@type":"ImageObject","@id":"\/logo.png","url":"\/logo.png","width":600,"height":60}},"url":"https:\/\/www.rapublic.cz\/zavitat-na-to-prave-misto\/","wordCount":248,"articleBody":"\tS\u00a0man\u017eelem jste si ke kulat\u00e9mu v\u00fdro\u010d\u00ed va\u0161\u00ed svatby dop\u0159\u00e1li luxusn\u00ed wellness pobyt se v\u0161\u00edm v\u0161udy na ji\u017en\u00ed Morav\u011b. U\u017e se nem\u016f\u017eete do\u010dkat, a\u017e tam vyraz\u00edte. A volba onoho m\u00edsta byla u\u017e dop\u0159edu naprosto jasn\u00e1, nebo\u0165 pr\u00e1v\u011b na ji\u017en\u00ed Morav\u011b jste se kdysi sezn\u00e1mili. Tak\u017ee kam jinam vyrazit za v\u00fdro\u010d\u00edm va\u0161eho s\u0148atku ne\u017e pr\u00e1v\u011b tam? Zvl\u00e1\u0161t\u011b, kdy\u017e je dan\u00e9 m\u00edsto naprosto kouzeln\u00e9 a m\u00e1 naprosto romantick\u00e9 okol\u00ed. A proto\u017ee bude pr\u00e1v\u011b tepl\u00e9 z\u00e1\u0159\u00ed, bude to ide\u00e1ln\u00ed doba na vych\u00e1zky po m\u00edstn\u00ed krajin\u011b a po stezk\u00e1ch na vinic\u00edch, kde pr\u00e1v\u011b bude vrcholit sez\u00f3na dozr\u00e1v\u00e1n\u00ed hrozn\u016f.\tV\u00a0ten prav\u00fd \u010dasA je samo sebou, \u017ee kdy\u017e u\u017e na takov\u00e9m m\u00edst\u011b budete, tak nebudete jenom relaxovat, ale vyraz\u00edte i na n\u011bjak\u00e9 m\u00edstn\u00ed folklorn\u00ed slavnosti a zav\u00edt\u00e1te alespo\u0148 do jednoho z\u00a0vyhl\u00e1\u0161en\u00fdch m\u00edstn\u00edch skl\u00edpk\u016f. Zkr\u00e1tka bude to oslava jako vy\u0161it\u00e1, pr\u00e1v\u011b takov\u00e1, jak\u00e1 by m\u011bla b\u00fdt. A proto\u017ee tam jedete hned na cel\u00fd t\u00fdden, tak m\u016f\u017eete zapomenout na starosti v\u0161edn\u00edch dn\u016f a v\u011bnovat se jenom sami sob\u011b. U\u017e aby byl m\u011bs\u00edc pry\u010d a vy jste mohli vyrazit! A do t\u00e9 doby si nech\u00e1te zd\u00e1t t\u0159eba o v\u00edn\u011b.                                                                                                                                                                                                                                                                                                                                                                                        4.7\/5 - (3 votes)        "},{"@context":"https:\/\/schema.org\/","@type":"BreadcrumbList","itemListElement":[{"@type":"ListItem","position":1,"name":"Zav\u00edtat na to prav\u00e9 m\u00edsto","item":"https:\/\/www.rapublic.cz\/zavitat-na-to-prave-misto\/#breadcrumbitem"}]}]